{"id":2466,"date":"2023-10-26T16:26:10","date_gmt":"2023-10-26T14:26:10","guid":{"rendered":"https:\/\/www.neznamo.cz\/genealogie\/?p=2466"},"modified":"2023-10-26T16:26:10","modified_gmt":"2023-10-26T14:26:10","slug":"proc-je-stejny-zapis-ve-vice-matrikach","status":"publish","type":"post","link":"https:\/\/www.neznamo.cz\/genealogie\/proc-je-stejny-zapis-ve-vice-matrikach\/","title":{"rendered":"Pro\u010d je stejn\u00fd z\u00e1pis ve&nbsp;v\u00edce matrik\u00e1ch"},"content":{"rendered":"<span class=\"span-reading-time rt-reading-time\" style=\"display: block;\"><span class=\"rt-label rt-prefix\">\u010cas \u010dten\u00ed: <\/span> <span class=\"rt-time\"> 3<\/span> <span class=\"rt-label rt-postfix\">min.<\/span><\/span><p>N\u011bkdy se div\u00edme, pro\u010d stejn\u00fd z\u00e1pis k\u0159tu najdeme ve&nbsp;dvou a&nbsp;n\u011bkdy i&nbsp;ve&nbsp;t\u0159ech matrik\u00e1ch. V&nbsp;tomto \u010dl\u00e1nku se pokus\u00edm p\u0159ibl\u00ed\u017eit n\u011bkter\u00e9 z&nbsp;mo\u017en\u00fdch odpov\u011bd\u00ed. Jejich v\u00fd\u010det nejsp\u00ed\u0161 nen\u00ed zcela kompletn\u00ed, proto\u017ee \u017eivot je (a&nbsp;v\u017edy byl) pestr\u00fd a&nbsp;p\u0159in\u00e1\u0161\u00ed mnoho r\u016fzn\u00fdch mo\u017enost\u00ed.<br \/>\n<!--more--><\/p>\n<p>Roku <strong>1784<\/strong> vy\u0161ly <strong>patenty Josefa II. o&nbsp;veden\u00ed matrik<\/strong>, po&nbsp;nich\u017e se veden\u00ed matrik z\u00e1sadn\u011b prom\u011bnilo. N\u011bjak\u00fd \u010das v\u0161ak trvalo, ne\u017e tyto zm\u011bny farnosti uskute\u010dnily. N\u011bkde se d\u00e1l vedly p\u016fvodn\u00ed matriky je\u0161t\u011b t\u0159eba rok nebo dva a&nbsp;do&nbsp;nov\u00fdch matrik (u\u017e podle patent\u016f) se dodate\u010dn\u011b p\u0159episovaly z\u00e1pisy z&nbsp;t\u011bchto star\u00fdch matrik. V&nbsp;tomto obdob\u00ed nar\u00e1\u017e\u00edm na&nbsp;celkem dost farnost\u00ed se stejn\u00fdmi z\u00e1pisy ve&nbsp;dvou b\u011b\u017en\u00fdch matrik\u00e1ch (a&nbsp;n\u011bkde jde o&nbsp;obdob\u00ed a\u017e zhruba do&nbsp;roku 1790).<\/p>\n<p>Patenty z&nbsp;roku 1784 o&nbsp;veden\u00ed matrik zavedly mimo jin\u00e9 tak\u00e9 nutnost v\u00e9st samostatn\u00e9 matri\u010dn\u00ed knihy nebo alespo\u0148 samostatn\u00e9 odd\u00edly pro ka\u017edou obec. N\u011bkdy pak do\u0161lo k&nbsp;<strong>z\u00e1pisu do&nbsp;odd\u00edlu nebo knihy pro jinou obec<\/strong>. P\u0159i&nbsp;oprav\u011b t\u00e9to chyby (pokud byla odhalena) nemusel b\u00fdt z\u00e1pis do&nbsp;chybn\u00e9 knihy nebo odd\u00edlu p\u0159e\u0161krtnut, co\u017e m\u016f\u017ee b\u00fdt dal\u0161\u00edm d\u016fvodem, pro\u010d se setk\u00e1me s&nbsp;duplicitn\u00edm z\u00e1pisem.<br \/>\n(Mimochodem, i&nbsp;toto m\u016f\u017ee b\u00fdt d\u016fvodem, pro\u010d n\u011bkter\u00fd z\u00e1pis nem\u016f\u017eeme naj\u00edt ani v&nbsp;p\u0159\u00edpad\u011b, \u017ee p\u0159esn\u011b v\u00edme rok i&nbsp;obec matri\u010dn\u00ed ud\u00e1losti. K&nbsp;odhalen\u00ed z\u00e1pisu do&nbsp;chybn\u00e9 knihy nebo odd\u00edlu nemuselo doj\u00edt, \u010d\u00edm\u017e nedo\u0161lo ani k&nbsp;zanesen\u00ed do&nbsp;spr\u00e1vn\u00e9 knihy nebo jej\u00ed \u010d\u00e1sti. U\u017e n\u011bkolikr\u00e1t se mi p\u0159i&nbsp;hled\u00e1n\u00ed k\u0159tu vyplatilo prohl\u00e9dnout z\u00e1pisy pro v\u0161echny obce t\u00e9\u017ee farnosti.)<\/p>\n<p>Dal\u0161\u00ed mo\u017enost\u00ed, pro\u010d nach\u00e1z\u00edme stejn\u00e9 z\u00e1pisy v&nbsp;r\u016fzn\u00fdch matrik\u00e1ch, m\u016f\u017ee b\u00fdt to, \u017ee jde o&nbsp;<strong>digitalizaci opisu matriky<\/strong>. Biskupstv\u00ed v&nbsp;Olomouci na\u0159\u00eddilo zhotovovat opisy matrik a&nbsp;p\u0159ed\u00e1vat mu je u\u017e roku 1686, biskupstv\u00ed v&nbsp;Brn\u011b tot\u00e9\u017e na\u0159\u00eddilo roku 1784 a&nbsp;roku 1799 tot\u00e9\u017e na\u0159\u00eddilo \u010desk\u00e9 gubernium (pos\u00edlali se konzisto\u0159i). Digitalizace a&nbsp;zve\u0159ej\u0148ov\u00e1n\u00ed t\u011bchto opis\u016f jsou d\u016fle\u017eit\u00e9 hlavn\u011b tam, kde se origin\u00e1ly nezachovaly, ale potkat je m\u016f\u017eeme kdekoli.<\/p>\n<p>V n\u011bkter\u00fdch farnostech je mo\u017en\u00e9 pro 17.&nbsp;a&nbsp;velkou \u010d\u00e1st 18.&nbsp;stolet\u00ed potkat tak\u00e9 matriky, kter\u00e9 jsou vlastn\u011b <strong>v\u00fdtahy z&nbsp;n\u011bkolika matrik z&nbsp;r\u016fzn\u00fdch farnost\u00ed<\/strong>. To b\u00fdv\u00e1 hlavn\u011b v&nbsp;p\u0159\u00edpad\u011b, \u017ee byla fara znovu nebo nov\u011b z\u0159\u00edzen\u00e1 a&nbsp;pot\u0159ebovala m\u00edt u&nbsp;sebe star\u0161\u00ed z\u00e1pisy pro obce, kter\u00e9 m\u011bla nyn\u00ed na&nbsp;starosti. \u0160lo hlavn\u011b o&nbsp;to, aby se far\u00e1\u0159 mohl pod\u00edvat, zda snoubenci nejsou sourozenci nebo zda nepot\u0159ebuj\u00ed dispenz. Tyto matriky tak\u00e9 mohou b\u00fdt digitalizovan\u00e9. Nap\u0159\u00edklad v&nbsp;z\u00e1padn\u00edm okol\u00ed dne\u0161n\u00ed Prahy jsem narazila na&nbsp;z\u00e1pisy stejn\u00fdch k\u0159t\u016f ve&nbsp;t\u0159ech r\u016fzn\u00fdch farnostech.<\/p>\n<p>Far\u00e1\u0159i si tak\u00e9 mohli po\u0159izovat <strong>opisy pro vlastn\u00ed pot\u0159ebu<\/strong>. Ty mohou b\u00fdt n\u011bkdy zaj\u00edmav\u00e9, proto\u017ee si do&nbsp;nich sem tam n\u011bkter\u00fd z&nbsp;nich zakreslil nebo zapsal i&nbsp;rodinn\u00e9 vazby. Bohu\u017eel se jich asi zachovalo jen velmi m\u00e1lo a&nbsp;obvykle nejsp\u00ed\u0161 nebudou digitalizovan\u00e9. Pokud se zachovaly, m\u011bly by b\u00fdt ulo\u017een\u00e9 ve&nbsp;fondu dan\u00e9 farnosti.<\/p>\n<p>Dal\u0161\u00edm p\u0159\u00edpadem, kdy mohou b\u00fdt z\u00e1pisy ve&nbsp;dvou r\u016fzn\u00fdch matrik\u00e1ch, je narozen\u00ed a&nbsp;k\u0159est d\u00edt\u011bte <strong>v obci, v&nbsp;n\u00ed\u017e rodi\u010de nebydleli<\/strong>. Takov\u00fd k\u0159est se je\u0161t\u011b hl\u00e1sil farnosti, kter\u00e1 byla p\u0159\u00edslu\u0161n\u00e1 podle m\u00edsta bydli\u0161t\u011b rodi\u010d\u016f. D\u011blo se tak po&nbsp;celou dobu veden\u00ed katolick\u00fdch matrik, tedy v&nbsp;17.&nbsp;stolet\u00ed stejn\u011b, jako v&nbsp;19.&nbsp;stolet\u00ed. \u010c\u00edm v\u00edce jdeme do&nbsp;minulosti, t\u00edm \u010dast\u011bji se mohlo st\u00e1t, \u017ee v&nbsp;bydli\u0161ti rodi\u010d\u016f takov\u00fd k\u0159est nebyl zapsan\u00fd. Vzhledem k&nbsp;tomu, \u017ee v&nbsp;17.&nbsp;a&nbsp;po&nbsp;v\u011bt\u0161inu 18.&nbsp;stolet\u00ed toto hl\u00e1sili sv\u00e9mu far\u00e1\u0159i obvykle p\u0159\u00edmo rodi\u010de, \u010dasto se stalo, \u017ee na&nbsp;to zapomn\u011bli. N\u011bkdy tak\u00e9 k\u0159est nahl\u00e1sili s&nbsp;velk\u00fdm zpo\u017ed\u011bn\u00edm, proto <strong>datum<\/strong> v&nbsp;m\u00edst\u011b bydli\u0161t\u011b rodi\u010d\u016f <strong>nemus\u00ed odpov\u00eddat skute\u010dnosti<\/strong>. Rozd\u00edl mohl b\u00fdt i&nbsp;n\u011bkolik let, na&nbsp;co\u017e je pot\u0159eba si d\u00e1vat pozor.<br \/>\nTo sam\u00e9, samoz\u0159ejm\u011b, mohlo nastat i&nbsp;v&nbsp;p\u0159\u00edpad\u011b s\u0148atku \u010di&nbsp;\u00famrt\u00ed.<\/p>\n<p>Dvoj\u00ed z\u00e1pisy jsou samoz\u0159ejm\u00e9 tak\u00e9 v&nbsp;p\u0159\u00edpad\u011b, \u017ee k&nbsp;matri\u010dn\u00ed ud\u00e1losti do\u0161lo <strong>v jin\u00e9m, ne\u017e katolick\u00e9m kostele<\/strong>. Od&nbsp;toleran\u010dn\u00edho patentu z&nbsp;roku 1781 a\u017e do&nbsp;konce roku 1848 se evangelick\u00e9 matri\u010dn\u00ed ud\u00e1losti zapisovaly duplicitn\u011b do&nbsp;katolick\u00fdch matrik.<\/p>\n<p>K t\u00e9matu doporu\u010duji \u010dl\u00e1nek <a href=\"https:\/\/www.neznamo.cz\/genealogie\/letopocty-dulezite-pro-genealogii\/\">Letopo\u010dty d\u016fle\u017eit\u00e9 pro genealogii<\/a>.<\/p>\n<p>Jak jsem u\u017e psala v&nbsp;\u00favodu, tento v\u00fd\u010det nejsp\u00ed\u0161 nen\u00ed zcela kompletn\u00ed. V\u00edte-li o&nbsp;n\u011bjak\u00e9 dal\u0161\u00ed mo\u017enosti, pros\u00edm, popi\u0161te ji zde v&nbsp;koment\u00e1\u0159\u00edch. D\u011bkuji.<\/p>\n","protected":false},"excerpt":{"rendered":"<p>N\u011bkdy se div\u00edme, pro\u010d stejn\u00fd z\u00e1pis k\u0159tu najdeme ve&nbsp;dvou a&nbsp;n\u011bkdy i&nbsp;ve&nbsp;t\u0159ech matrik\u00e1ch. V&nbsp;tomto \u010dl\u00e1nku se pokus\u00edm p\u0159ibl\u00ed\u017eit n\u011bkter\u00e9 z&nbsp;mo\u017en\u00fdch odpov\u011bd\u00ed. Jejich v\u00fd\u010det nejsp\u00ed\u0161 nen\u00ed zcela kompletn\u00ed, proto\u017ee \u017eivot je (a&nbsp;v\u017edy byl) pestr\u00fd a&nbsp;p\u0159in\u00e1\u0161\u00ed mnoho r\u016fzn\u00fdch mo\u017enost\u00ed.<\/p>\n","protected":false},"author":1,"featured_media":1574,"comment_status":"open","ping_status":"closed","sticky":false,"template":"","format":"standard","meta":{"footnotes":""},"categories":[34],"tags":[104,39,105],"class_list":["post-2466","post","type-post","status-publish","format-standard","has-post-thumbnail","hentry","category-poznamky","tag-krest","tag-matriky","tag-svatba"],"featured_image_urls_v2":{"full":["https:\/\/www.neznamo.cz\/genealogie\/wp-content\/uploads\/2020\/04\/archiv_kniha_roh.jpg",1024,686,false],"thumbnail":["https:\/\/www.neznamo.cz\/genealogie\/wp-content\/uploads\/2020\/04\/archiv_kniha_roh-150x100.jpg",150,100,true],"medium":["https:\/\/www.neznamo.cz\/genealogie\/wp-content\/uploads\/2020\/04\/archiv_kniha_roh-300x201.jpg",300,201,true],"medium_large":["https:\/\/www.neznamo.cz\/genealogie\/wp-content\/uploads\/2020\/04\/archiv_kniha_roh-768x515.jpg",525,352,true],"large":["https:\/\/www.neznamo.cz\/genealogie\/wp-content\/uploads\/2020\/04\/archiv_kniha_roh.jpg",525,352,false],"1536x1536":["https:\/\/www.neznamo.cz\/genealogie\/wp-content\/uploads\/2020\/04\/archiv_kniha_roh.jpg",1024,686,false],"2048x2048":["https:\/\/www.neznamo.cz\/genealogie\/wp-content\/uploads\/2020\/04\/archiv_kniha_roh.jpg",1024,686,false],"twentyseventeen-featured-image":["https:\/\/www.neznamo.cz\/genealogie\/wp-content\/uploads\/2020\/04\/archiv_kniha_roh.jpg",1024,686,false],"twentyseventeen-thumbnail-avatar":["https:\/\/www.neznamo.cz\/genealogie\/wp-content\/uploads\/2020\/04\/archiv_kniha_roh-100x100.jpg",100,100,true]},"post_excerpt_stackable_v2":"<p>N\u011bkdy se div\u00edme, pro\u010d stejn\u00fd z\u00e1pis k\u0159tu najdeme ve&nbsp;dvou a&nbsp;n\u011bkdy i&nbsp;ve&nbsp;t\u0159ech matrik\u00e1ch. V&nbsp;tomto \u010dl\u00e1nku se pokus\u00edm p\u0159ibl\u00ed\u017eit n\u011bkter\u00e9 z&nbsp;mo\u017en\u00fdch odpov\u011bd\u00ed. Jejich v\u00fd\u010det nejsp\u00ed\u0161 nen\u00ed zcela kompletn\u00ed, proto\u017ee \u017eivot je (a&nbsp;v\u017edy byl) pestr\u00fd a&nbsp;p\u0159in\u00e1\u0161\u00ed mnoho r\u016fzn\u00fdch mo\u017enost\u00ed.<\/p>\n","category_list_v2":"<a href=\"https:\/\/www.neznamo.cz\/genealogie\/temata\/poznamky\/\" rel=\"category tag\">Pozn\u00e1mky<\/a>","author_info_v2":{"name":"Monika","url":"https:\/\/www.neznamo.cz\/genealogie\/author\/monika\/"},"comments_num_v2":"2 comments","_links":{"self":[{"href":"https:\/\/www.neznamo.cz\/genealogie\/wp-json\/wp\/v2\/posts\/2466","targetHints":{"allow":["GET"]}}],"collection":[{"href":"https:\/\/www.neznamo.cz\/genealogie\/wp-json\/wp\/v2\/posts"}],"about":[{"href":"https:\/\/www.neznamo.cz\/genealogie\/wp-json\/wp\/v2\/types\/post"}],"author":[{"embeddable":true,"href":"https:\/\/www.neznamo.cz\/genealogie\/wp-json\/wp\/v2\/users\/1"}],"replies":[{"embeddable":true,"href":"https:\/\/www.neznamo.cz\/genealogie\/wp-json\/wp\/v2\/comments?post=2466"}],"version-history":[{"count":0,"href":"https:\/\/www.neznamo.cz\/genealogie\/wp-json\/wp\/v2\/posts\/2466\/revisions"}],"wp:featuredmedia":[{"embeddable":true,"href":"https:\/\/www.neznamo.cz\/genealogie\/wp-json\/wp\/v2\/media\/1574"}],"wp:attachment":[{"href":"https:\/\/www.neznamo.cz\/genealogie\/wp-json\/wp\/v2\/media?parent=2466"}],"wp:term":[{"taxonomy":"category","embeddable":true,"href":"https:\/\/www.neznamo.cz\/genealogie\/wp-json\/wp\/v2\/categories?post=2466"},{"taxonomy":"post_tag","embeddable":true,"href":"https:\/\/www.neznamo.cz\/genealogie\/wp-json\/wp\/v2\/tags?post=2466"}],"curies":[{"name":"wp","href":"https:\/\/api.w.org\/{rel}","templated":true}]}}