{"id":2022,"date":"2021-10-12T05:05:34","date_gmt":"2021-10-12T03:05:34","guid":{"rendered":"https:\/\/www.neznamo.cz\/genealogie\/?p=2022"},"modified":"2021-10-12T05:05:34","modified_gmt":"2021-10-12T03:05:34","slug":"krest-1715-marie-alzbeta-otec-franz-karel-pubr-pohodny-nelahozeves","status":"publish","type":"post","link":"https:\/\/www.neznamo.cz\/genealogie\/krest-1715-marie-alzbeta-otec-franz-karel-pubr-pohodny-nelahozeves\/","title":{"rendered":"K\u0159est 1715 Marie Al\u017eb\u011bta, otec Franz Karel Pubr pohodn\u00fd, Nelahozeves"},"content":{"rendered":"<span class=\"span-reading-time rt-reading-time\" style=\"display: block;\"><span class=\"rt-label rt-prefix\">\u010cas \u010dten\u00ed: <\/span> <span class=\"rt-time\"> &lt; 1<\/span> <span class=\"rt-label rt-postfix\">min.<\/span><\/span><p><strong>Sn\u00ed\u017een\u00e9 rody.<\/strong> SOA Praha, matrika <a href=\"https:\/\/ebadatelna.soapraha.cz\/d\/8560\/11\" rel=\"noopener\" target=\"_blank\">Minice 03, strana 10, sken 11<\/a> (lev\u00e1 strana posledn\u00ed z\u00e1pis v&nbsp;z\u00e1\u0159\u00ed).<\/p>\n","protected":false},"excerpt":{"rendered":"<p>Sn\u00ed\u017een\u00e9 rody. SOA Praha, matrika Minice 03, strana 10, sken 11 (lev\u00e1 strana posledn\u00ed z\u00e1pis v&nbsp;z\u00e1\u0159\u00ed).<\/p>\n","protected":false},"author":1,"featured_media":0,"comment_status":"open","ping_status":"closed","sticky":false,"template":"","format":"link","meta":{"footnotes":""},"categories":[97],"tags":[99],"class_list":["post-2022","post","type-post","status-publish","format-link","hentry","category-objevy","tag-snizene-rody","post_format-post-format-link"],"featured_image_urls_v2":{"full":"","thumbnail":"","medium":"","medium_large":"","large":"","1536x1536":"","2048x2048":"","twentyseventeen-featured-image":"","twentyseventeen-thumbnail-avatar":""},"post_excerpt_stackable_v2":"<p>\u010cas \u010dten\u00ed: &lt; 1 min.Sn\u00ed\u017een\u00e9 rody. SOA Praha, matrika Minice 03, strana 10, sken 11 (lev\u00e1 strana posledn\u00ed z\u00e1pis v&nbsp;z\u00e1\u0159\u00ed).<\/p>\n","category_list_v2":"<a href=\"https:\/\/www.neznamo.cz\/genealogie\/temata\/objevy\/\" rel=\"category tag\">Objevy<\/a>","author_info_v2":{"name":"Monika","url":"https:\/\/www.neznamo.cz\/genealogie\/author\/monika\/"},"comments_num_v2":"0 comments","_links":{"self":[{"href":"https:\/\/www.neznamo.cz\/genealogie\/wp-json\/wp\/v2\/posts\/2022","targetHints":{"allow":["GET"]}}],"collection":[{"href":"https:\/\/www.neznamo.cz\/genealogie\/wp-json\/wp\/v2\/posts"}],"about":[{"href":"https:\/\/www.neznamo.cz\/genealogie\/wp-json\/wp\/v2\/types\/post"}],"author":[{"embeddable":true,"href":"https:\/\/www.neznamo.cz\/genealogie\/wp-json\/wp\/v2\/users\/1"}],"replies":[{"embeddable":true,"href":"https:\/\/www.neznamo.cz\/genealogie\/wp-json\/wp\/v2\/comments?post=2022"}],"version-history":[{"count":0,"href":"https:\/\/www.neznamo.cz\/genealogie\/wp-json\/wp\/v2\/posts\/2022\/revisions"}],"wp:attachment":[{"href":"https:\/\/www.neznamo.cz\/genealogie\/wp-json\/wp\/v2\/media?parent=2022"}],"wp:term":[{"taxonomy":"category","embeddable":true,"href":"https:\/\/www.neznamo.cz\/genealogie\/wp-json\/wp\/v2\/categories?post=2022"},{"taxonomy":"post_tag","embeddable":true,"href":"https:\/\/www.neznamo.cz\/genealogie\/wp-json\/wp\/v2\/tags?post=2022"}],"curies":[{"name":"wp","href":"https:\/\/api.w.org\/{rel}","templated":true}]}}