{"id":2018,"date":"2021-10-06T02:49:00","date_gmt":"2021-10-06T00:49:00","guid":{"rendered":"https:\/\/www.neznamo.cz\/genealogie\/?p=2018"},"modified":"2021-10-06T02:49:00","modified_gmt":"2021-10-06T00:49:00","slug":"umrti-1730-vaclav-mlynar-z-vozice","status":"publish","type":"post","link":"https:\/\/www.neznamo.cz\/genealogie\/umrti-1730-vaclav-mlynar-z-vozice\/","title":{"rendered":"\u00damrt\u00ed 1730 V\u00e1clav mlyn\u00e1\u0159 z&nbsp;Vo\u017eice"},"content":{"rendered":"<span class=\"span-reading-time rt-reading-time\" style=\"display: block;\"><span class=\"rt-label rt-prefix\">\u010cas \u010dten\u00ed: <\/span> <span class=\"rt-time\"> &lt; 1<\/span> <span class=\"rt-label rt-postfix\">min.<\/span><\/span><p><strong>Mlyn\u00e1\u0159i.<\/strong> SOA Praha, matrika <a href=\"https:\/\/ebadatelna.soapraha.cz\/d\/6061\/73\" rel=\"noopener\" target=\"_blank\">Chvat\u011bruby 02, strana ne\u010d\u00edslov\u00e1no, sken 73<\/a> (lev\u00e1 strana dole). Z&nbsp;latinsk\u00e9ho popisu ch\u00e1pu, \u017ee p\u0159i\u0161el do&nbsp;Chvat\u011brub, kde neznali jeho p\u0159\u00edjmen\u00ed, pouze jm\u00e9no, povol\u00e1n\u00ed a&nbsp;to, \u017ee p\u0159i\u0161el z&nbsp;Vo\u017eice.<\/p>\n","protected":false},"excerpt":{"rendered":"<p>Mlyn\u00e1\u0159i. SOA Praha, matrika Chvat\u011bruby 02, strana ne\u010d\u00edslov\u00e1no, sken 73 (lev\u00e1 strana dole). Z&nbsp;latinsk\u00e9ho popisu ch\u00e1pu, \u017ee p\u0159i\u0161el do&nbsp;Chvat\u011brub, kde neznali jeho p\u0159\u00edjmen\u00ed, pouze jm\u00e9no, povol\u00e1n\u00ed a&nbsp;to, \u017ee p\u0159i\u0161el z&nbsp;Vo\u017eice.<\/p>\n","protected":false},"author":1,"featured_media":0,"comment_status":"open","ping_status":"closed","sticky":false,"template":"","format":"link","meta":{"footnotes":""},"categories":[97],"tags":[100],"class_list":["post-2018","post","type-post","status-publish","format-link","hentry","category-objevy","tag-mlynari","post_format-post-format-link"],"featured_image_urls_v2":{"full":"","thumbnail":"","medium":"","medium_large":"","large":"","1536x1536":"","2048x2048":"","twentyseventeen-featured-image":"","twentyseventeen-thumbnail-avatar":""},"post_excerpt_stackable_v2":"<p>\u010cas \u010dten\u00ed: &lt; 1 min.Mlyn\u00e1\u0159i. SOA Praha, matrika Chvat\u011bruby 02, strana ne\u010d\u00edslov\u00e1no, sken 73 (lev\u00e1 strana dole). Z&nbsp;latinsk\u00e9ho popisu ch\u00e1pu, \u017ee p\u0159i\u0161el do&nbsp;Chvat\u011brub, kde neznali jeho p\u0159\u00edjmen\u00ed, pouze jm\u00e9no, povol\u00e1n\u00ed a&nbsp;to, \u017ee p\u0159i\u0161el z&nbsp;Vo\u017eice.<\/p>\n","category_list_v2":"<a href=\"https:\/\/www.neznamo.cz\/genealogie\/temata\/objevy\/\" rel=\"category tag\">Objevy<\/a>","author_info_v2":{"name":"Monika","url":"https:\/\/www.neznamo.cz\/genealogie\/author\/monika\/"},"comments_num_v2":"0 comments","_links":{"self":[{"href":"https:\/\/www.neznamo.cz\/genealogie\/wp-json\/wp\/v2\/posts\/2018","targetHints":{"allow":["GET"]}}],"collection":[{"href":"https:\/\/www.neznamo.cz\/genealogie\/wp-json\/wp\/v2\/posts"}],"about":[{"href":"https:\/\/www.neznamo.cz\/genealogie\/wp-json\/wp\/v2\/types\/post"}],"author":[{"embeddable":true,"href":"https:\/\/www.neznamo.cz\/genealogie\/wp-json\/wp\/v2\/users\/1"}],"replies":[{"embeddable":true,"href":"https:\/\/www.neznamo.cz\/genealogie\/wp-json\/wp\/v2\/comments?post=2018"}],"version-history":[{"count":0,"href":"https:\/\/www.neznamo.cz\/genealogie\/wp-json\/wp\/v2\/posts\/2018\/revisions"}],"wp:attachment":[{"href":"https:\/\/www.neznamo.cz\/genealogie\/wp-json\/wp\/v2\/media?parent=2018"}],"wp:term":[{"taxonomy":"category","embeddable":true,"href":"https:\/\/www.neznamo.cz\/genealogie\/wp-json\/wp\/v2\/categories?post=2018"},{"taxonomy":"post_tag","embeddable":true,"href":"https:\/\/www.neznamo.cz\/genealogie\/wp-json\/wp\/v2\/tags?post=2018"}],"curies":[{"name":"wp","href":"https:\/\/api.w.org\/{rel}","templated":true}]}}