{"id":2001,"date":"2021-09-08T02:51:22","date_gmt":"2021-09-08T00:51:22","guid":{"rendered":"https:\/\/www.neznamo.cz\/genealogie\/?p=2001"},"modified":"2021-09-08T02:51:22","modified_gmt":"2021-09-08T00:51:22","slug":"svatba-1877-vaclav-eder-syn-mateje-pohodneho-a-petronila-dcera-jana-fliegra-drnomistra","status":"publish","type":"post","link":"https:\/\/www.neznamo.cz\/genealogie\/svatba-1877-vaclav-eder-syn-mateje-pohodneho-a-petronila-dcera-jana-fliegra-drnomistra\/","title":{"rendered":"Svatba 1877 V\u00e1clav Eder, syn Mat\u011bje, pohodn\u00e9ho a&nbsp;Petronila, dcera Jana Fliegra, drnomistra"},"content":{"rendered":"<span class=\"span-reading-time rt-reading-time\" style=\"display: block;\"><span class=\"rt-label rt-prefix\">\u010cas \u010dten\u00ed: <\/span> <span class=\"rt-time\"> &lt; 1<\/span> <span class=\"rt-label rt-postfix\">min.<\/span><\/span><p><strong>Sn\u00ed\u017een\u00e9 rody.<\/strong> SOA Praha, matrika <a href=\"https:\/\/ebadatelna.soapraha.cz\/d\/7205\/25\" rel=\"noopener\" target=\"_blank\">Kozmice 19, strana 22, sken 25<\/a> (1.&nbsp;z\u00e1pis).<\/p>\n","protected":false},"excerpt":{"rendered":"<p>Sn\u00ed\u017een\u00e9 rody. SOA Praha, matrika Kozmice 19, strana 22, sken 25 (1.&nbsp;z\u00e1pis).<\/p>\n","protected":false},"author":1,"featured_media":0,"comment_status":"open","ping_status":"closed","sticky":false,"template":"","format":"link","meta":{"footnotes":""},"categories":[97],"tags":[99],"class_list":["post-2001","post","type-post","status-publish","format-link","hentry","category-objevy","tag-snizene-rody","post_format-post-format-link"],"featured_image_urls_v2":{"full":"","thumbnail":"","medium":"","medium_large":"","large":"","1536x1536":"","2048x2048":"","twentyseventeen-featured-image":"","twentyseventeen-thumbnail-avatar":""},"post_excerpt_stackable_v2":"<p>\u010cas \u010dten\u00ed: &lt; 1 min.Sn\u00ed\u017een\u00e9 rody. SOA Praha, matrika Kozmice 19, strana 22, sken 25 (1.&nbsp;z\u00e1pis).<\/p>\n","category_list_v2":"<a href=\"https:\/\/www.neznamo.cz\/genealogie\/temata\/objevy\/\" rel=\"category tag\">Objevy<\/a>","author_info_v2":{"name":"Monika","url":"https:\/\/www.neznamo.cz\/genealogie\/author\/monika\/"},"comments_num_v2":"1 comment","_links":{"self":[{"href":"https:\/\/www.neznamo.cz\/genealogie\/wp-json\/wp\/v2\/posts\/2001","targetHints":{"allow":["GET"]}}],"collection":[{"href":"https:\/\/www.neznamo.cz\/genealogie\/wp-json\/wp\/v2\/posts"}],"about":[{"href":"https:\/\/www.neznamo.cz\/genealogie\/wp-json\/wp\/v2\/types\/post"}],"author":[{"embeddable":true,"href":"https:\/\/www.neznamo.cz\/genealogie\/wp-json\/wp\/v2\/users\/1"}],"replies":[{"embeddable":true,"href":"https:\/\/www.neznamo.cz\/genealogie\/wp-json\/wp\/v2\/comments?post=2001"}],"version-history":[{"count":0,"href":"https:\/\/www.neznamo.cz\/genealogie\/wp-json\/wp\/v2\/posts\/2001\/revisions"}],"wp:attachment":[{"href":"https:\/\/www.neznamo.cz\/genealogie\/wp-json\/wp\/v2\/media?parent=2001"}],"wp:term":[{"taxonomy":"category","embeddable":true,"href":"https:\/\/www.neznamo.cz\/genealogie\/wp-json\/wp\/v2\/categories?post=2001"},{"taxonomy":"post_tag","embeddable":true,"href":"https:\/\/www.neznamo.cz\/genealogie\/wp-json\/wp\/v2\/tags?post=2001"}],"curies":[{"name":"wp","href":"https:\/\/api.w.org\/{rel}","templated":true}]}}