{"id":1842,"date":"2021-04-09T10:10:26","date_gmt":"2021-04-09T08:10:26","guid":{"rendered":"https:\/\/www.neznamo.cz\/genealogie\/?p=1842"},"modified":"2021-04-09T04:57:12","modified_gmt":"2021-04-09T02:57:12","slug":"svatba-1698-mikulas-polak-syn-pavla-z-nemeckeho-brodu-a-vdova-marie-magdalena-veselska","status":"publish","type":"post","link":"https:\/\/www.neznamo.cz\/genealogie\/svatba-1698-mikulas-polak-syn-pavla-z-nemeckeho-brodu-a-vdova-marie-magdalena-veselska\/","title":{"rendered":"Svatba 1698 Mikul\u00e1\u0161 Pol\u00e1k syn Pavla z&nbsp;N\u011bmeck\u00e9ho Brodu a&nbsp;vdova Marie Magdalena Veselsk\u00e1"},"content":{"rendered":"<span class=\"span-reading-time rt-reading-time\" style=\"display: block;\"><span class=\"rt-label rt-prefix\">\u010cas \u010dten\u00ed: <\/span> <span class=\"rt-time\"> &lt; 1<\/span> <span class=\"rt-label rt-postfix\">min.<\/span><\/span><p>SOA Praha, matrika <a href=\"https:\/\/ebadatelna.soapraha.cz\/d\/13610\/130\" rel=\"noopener\" target=\"_blank\">Vep\u0159ek 01, strana 261, sken 130<\/a> (lev\u00e1 strana uprost\u0159ed &#8211; N136).<\/p>\n","protected":false},"excerpt":{"rendered":"<p>SOA Praha, matrika Vep\u0159ek 01, strana 261, sken 130 (lev\u00e1 strana uprost\u0159ed &#8211; N136).<\/p>\n","protected":false},"author":1,"featured_media":0,"comment_status":"open","ping_status":"closed","sticky":false,"template":"","format":"link","meta":{"footnotes":""},"categories":[97],"tags":[],"class_list":["post-1842","post","type-post","status-publish","format-link","hentry","category-objevy","post_format-post-format-link"],"featured_image_urls_v2":{"full":"","thumbnail":"","medium":"","medium_large":"","large":"","1536x1536":"","2048x2048":"","twentyseventeen-featured-image":"","twentyseventeen-thumbnail-avatar":""},"post_excerpt_stackable_v2":"<p>\u010cas \u010dten\u00ed: &lt; 1 min.SOA Praha, matrika Vep\u0159ek 01, strana 261, sken 130 (lev\u00e1 strana uprost\u0159ed &#8211; N136).<\/p>\n","category_list_v2":"<a href=\"https:\/\/www.neznamo.cz\/genealogie\/temata\/objevy\/\" rel=\"category tag\">Objevy<\/a>","author_info_v2":{"name":"Monika","url":"https:\/\/www.neznamo.cz\/genealogie\/author\/monika\/"},"comments_num_v2":"0 comments","_links":{"self":[{"href":"https:\/\/www.neznamo.cz\/genealogie\/wp-json\/wp\/v2\/posts\/1842","targetHints":{"allow":["GET"]}}],"collection":[{"href":"https:\/\/www.neznamo.cz\/genealogie\/wp-json\/wp\/v2\/posts"}],"about":[{"href":"https:\/\/www.neznamo.cz\/genealogie\/wp-json\/wp\/v2\/types\/post"}],"author":[{"embeddable":true,"href":"https:\/\/www.neznamo.cz\/genealogie\/wp-json\/wp\/v2\/users\/1"}],"replies":[{"embeddable":true,"href":"https:\/\/www.neznamo.cz\/genealogie\/wp-json\/wp\/v2\/comments?post=1842"}],"version-history":[{"count":0,"href":"https:\/\/www.neznamo.cz\/genealogie\/wp-json\/wp\/v2\/posts\/1842\/revisions"}],"wp:attachment":[{"href":"https:\/\/www.neznamo.cz\/genealogie\/wp-json\/wp\/v2\/media?parent=1842"}],"wp:term":[{"taxonomy":"category","embeddable":true,"href":"https:\/\/www.neznamo.cz\/genealogie\/wp-json\/wp\/v2\/categories?post=1842"},{"taxonomy":"post_tag","embeddable":true,"href":"https:\/\/www.neznamo.cz\/genealogie\/wp-json\/wp\/v2\/tags?post=1842"}],"curies":[{"name":"wp","href":"https:\/\/api.w.org\/{rel}","templated":true}]}}