{"id":1836,"date":"2021-04-09T10:02:26","date_gmt":"2021-04-09T08:02:26","guid":{"rendered":"https:\/\/www.neznamo.cz\/genealogie\/?p=1836"},"modified":"2021-04-09T04:08:41","modified_gmt":"2021-04-09T02:08:41","slug":"svatba-1693-tomas-vorel-syn-vaclava-z-nymburka-a-magdalena-dcera-jana-nemcickeho-mlynare-z-veprku","status":"publish","type":"post","link":"https:\/\/www.neznamo.cz\/genealogie\/svatba-1693-tomas-vorel-syn-vaclava-z-nymburka-a-magdalena-dcera-jana-nemcickeho-mlynare-z-veprku\/","title":{"rendered":"Svatba 1693 Tom\u00e1\u0161 Vorel syn V\u00e1clava z&nbsp;Nymburka a&nbsp;Magdalena dcera Jana N\u011bm\u010dick\u00e9ho mlyn\u00e1\u0159e z&nbsp;Vep\u0159ku"},"content":{"rendered":"<span class=\"span-reading-time rt-reading-time\" style=\"display: block;\"><span class=\"rt-label rt-prefix\">\u010cas \u010dten\u00ed: <\/span> <span class=\"rt-time\"> &lt; 1<\/span> <span class=\"rt-label rt-postfix\">min.<\/span><\/span><p>Sv\u011bdek tak\u00e9 z&nbsp;d\u00e1lky &#8211; Jan Kmenta z&nbsp;T\u0159eb\u00ed\u010de (na&nbsp;n\u00e1sleduj\u00edc\u00ed stran\u011b). SOA Praha, matrika <a href=\"https:\/\/ebadatelna.soapraha.cz\/d\/13610\/127\" rel=\"noopener\" target=\"_blank\">Vep\u0159ek 01, strana 256, sken 127<\/a> (prav\u00e1 strana dole &#8211; N110).<\/p>\n","protected":false},"excerpt":{"rendered":"<p>Sv\u011bdek tak\u00e9 z&nbsp;d\u00e1lky &#8211; Jan Kmenta z&nbsp;T\u0159eb\u00ed\u010de (na&nbsp;n\u00e1sleduj\u00edc\u00ed stran\u011b). SOA Praha, matrika Vep\u0159ek 01, strana 256, sken 127 (prav\u00e1 strana dole &#8211; N110).<\/p>\n","protected":false},"author":1,"featured_media":0,"comment_status":"open","ping_status":"closed","sticky":false,"template":"","format":"link","meta":{"footnotes":""},"categories":[97],"tags":[],"class_list":["post-1836","post","type-post","status-publish","format-link","hentry","category-objevy","post_format-post-format-link"],"featured_image_urls_v2":{"full":"","thumbnail":"","medium":"","medium_large":"","large":"","1536x1536":"","2048x2048":"","twentyseventeen-featured-image":"","twentyseventeen-thumbnail-avatar":""},"post_excerpt_stackable_v2":"<p>\u010cas \u010dten\u00ed: &lt; 1 min.Sv\u011bdek tak\u00e9 z&nbsp;d\u00e1lky &#8211; Jan Kmenta z&nbsp;T\u0159eb\u00ed\u010de (na&nbsp;n\u00e1sleduj\u00edc\u00ed stran\u011b). SOA Praha, matrika Vep\u0159ek 01, strana 256, sken 127 (prav\u00e1 strana dole &#8211; N110).<\/p>\n","category_list_v2":"<a href=\"https:\/\/www.neznamo.cz\/genealogie\/temata\/objevy\/\" rel=\"category tag\">Objevy<\/a>","author_info_v2":{"name":"Monika","url":"https:\/\/www.neznamo.cz\/genealogie\/author\/monika\/"},"comments_num_v2":"0 comments","_links":{"self":[{"href":"https:\/\/www.neznamo.cz\/genealogie\/wp-json\/wp\/v2\/posts\/1836","targetHints":{"allow":["GET"]}}],"collection":[{"href":"https:\/\/www.neznamo.cz\/genealogie\/wp-json\/wp\/v2\/posts"}],"about":[{"href":"https:\/\/www.neznamo.cz\/genealogie\/wp-json\/wp\/v2\/types\/post"}],"author":[{"embeddable":true,"href":"https:\/\/www.neznamo.cz\/genealogie\/wp-json\/wp\/v2\/users\/1"}],"replies":[{"embeddable":true,"href":"https:\/\/www.neznamo.cz\/genealogie\/wp-json\/wp\/v2\/comments?post=1836"}],"version-history":[{"count":0,"href":"https:\/\/www.neznamo.cz\/genealogie\/wp-json\/wp\/v2\/posts\/1836\/revisions"}],"wp:attachment":[{"href":"https:\/\/www.neznamo.cz\/genealogie\/wp-json\/wp\/v2\/media?parent=1836"}],"wp:term":[{"taxonomy":"category","embeddable":true,"href":"https:\/\/www.neznamo.cz\/genealogie\/wp-json\/wp\/v2\/categories?post=1836"},{"taxonomy":"post_tag","embeddable":true,"href":"https:\/\/www.neznamo.cz\/genealogie\/wp-json\/wp\/v2\/tags?post=1836"}],"curies":[{"name":"wp","href":"https:\/\/api.w.org\/{rel}","templated":true}]}}