{"id":1830,"date":"2021-04-09T09:13:31","date_gmt":"2021-04-09T07:13:31","guid":{"rendered":"https:\/\/www.neznamo.cz\/genealogie\/?p=1830"},"modified":"2021-04-09T03:14:23","modified_gmt":"2021-04-09T01:14:23","slug":"svatba-1683-simon-syn-vaclava-sladmela-ci-sladomela-z-turnova-a-dorota-kubistova","status":"publish","type":"post","link":"https:\/\/www.neznamo.cz\/genealogie\/svatba-1683-simon-syn-vaclava-sladmela-ci-sladomela-z-turnova-a-dorota-kubistova\/","title":{"rendered":"Svatba 1683 \u0160imon syn V\u00e1clava Sladmela \u010di&nbsp;Sladomela z&nbsp;Turnova a&nbsp;Dorota Kubi\u0161tov\u00e1"},"content":{"rendered":"<span class=\"span-reading-time rt-reading-time\" style=\"display: block;\"><span class=\"rt-label rt-prefix\">\u010cas \u010dten\u00ed: <\/span> <span class=\"rt-time\"> &lt; 1<\/span> <span class=\"rt-label rt-postfix\">min.<\/span><\/span><p>P\u0159\u00edjmen\u00ed ps\u00e1no Sladmel, uv\u00e1d\u00edm i&nbsp;mo\u017enou dne\u0161n\u00ed variantu. SOA Praha, matrika <a href=\"https:\/\/ebadatelna.soapraha.cz\/d\/13610\/122\" rel=\"noopener\" target=\"_blank\">Vep\u0159ek 01, strana 246, sken 122<\/a> (prav\u00e1 strana 3.&nbsp;z\u00e1pis &#8211; N59).<\/p>\n","protected":false},"excerpt":{"rendered":"<p>P\u0159\u00edjmen\u00ed ps\u00e1no Sladmel, uv\u00e1d\u00edm i&nbsp;mo\u017enou dne\u0161n\u00ed variantu. SOA Praha, matrika Vep\u0159ek 01, strana 246, sken 122 (prav\u00e1 strana 3.&nbsp;z\u00e1pis &#8211; N59).<\/p>\n","protected":false},"author":1,"featured_media":0,"comment_status":"open","ping_status":"closed","sticky":false,"template":"","format":"link","meta":{"footnotes":""},"categories":[97],"tags":[],"class_list":["post-1830","post","type-post","status-publish","format-link","hentry","category-objevy","post_format-post-format-link"],"featured_image_urls_v2":{"full":"","thumbnail":"","medium":"","medium_large":"","large":"","1536x1536":"","2048x2048":"","twentyseventeen-featured-image":"","twentyseventeen-thumbnail-avatar":""},"post_excerpt_stackable_v2":"<p>\u010cas \u010dten\u00ed: &lt; 1 min.P\u0159\u00edjmen\u00ed ps\u00e1no Sladmel, uv\u00e1d\u00edm i&nbsp;mo\u017enou dne\u0161n\u00ed variantu. SOA Praha, matrika Vep\u0159ek 01, strana 246, sken 122 (prav\u00e1 strana 3.&nbsp;z\u00e1pis &#8211; N59).<\/p>\n","category_list_v2":"<a href=\"https:\/\/www.neznamo.cz\/genealogie\/temata\/objevy\/\" rel=\"category tag\">Objevy<\/a>","author_info_v2":{"name":"Monika","url":"https:\/\/www.neznamo.cz\/genealogie\/author\/monika\/"},"comments_num_v2":"0 comments","_links":{"self":[{"href":"https:\/\/www.neznamo.cz\/genealogie\/wp-json\/wp\/v2\/posts\/1830","targetHints":{"allow":["GET"]}}],"collection":[{"href":"https:\/\/www.neznamo.cz\/genealogie\/wp-json\/wp\/v2\/posts"}],"about":[{"href":"https:\/\/www.neznamo.cz\/genealogie\/wp-json\/wp\/v2\/types\/post"}],"author":[{"embeddable":true,"href":"https:\/\/www.neznamo.cz\/genealogie\/wp-json\/wp\/v2\/users\/1"}],"replies":[{"embeddable":true,"href":"https:\/\/www.neznamo.cz\/genealogie\/wp-json\/wp\/v2\/comments?post=1830"}],"version-history":[{"count":0,"href":"https:\/\/www.neznamo.cz\/genealogie\/wp-json\/wp\/v2\/posts\/1830\/revisions"}],"wp:attachment":[{"href":"https:\/\/www.neznamo.cz\/genealogie\/wp-json\/wp\/v2\/media?parent=1830"}],"wp:term":[{"taxonomy":"category","embeddable":true,"href":"https:\/\/www.neznamo.cz\/genealogie\/wp-json\/wp\/v2\/categories?post=1830"},{"taxonomy":"post_tag","embeddable":true,"href":"https:\/\/www.neznamo.cz\/genealogie\/wp-json\/wp\/v2\/tags?post=1830"}],"curies":[{"name":"wp","href":"https:\/\/api.w.org\/{rel}","templated":true}]}}