{"id":1820,"date":"2021-04-06T08:54:19","date_gmt":"2021-04-06T06:54:19","guid":{"rendered":"https:\/\/www.neznamo.cz\/genealogie\/?p=1820"},"modified":"2021-04-06T03:55:18","modified_gmt":"2021-04-06T01:55:18","slug":"svatba-1696-mladenec-vojak-jiri-svoboda-od-vlasimi-a-nejmenovana-ruzickova-z-lomnice","status":"publish","type":"post","link":"https:\/\/www.neznamo.cz\/genealogie\/svatba-1696-mladenec-vojak-jiri-svoboda-od-vlasimi-a-nejmenovana-ruzickova-z-lomnice\/","title":{"rendered":"Svatba 1696 ml\u00e1denec voj\u00e1k Ji\u0159\u00ed Svoboda &#8222;od&nbsp;Vla\u0161imi&#8220; a&nbsp;nejmenovan\u00e1 R\u016f\u017ei\u010dkov\u00e1 z&nbsp;Lomnice"},"content":{"rendered":"<span class=\"span-reading-time rt-reading-time\" style=\"display: block;\"><span class=\"rt-label rt-prefix\">\u010cas \u010dten\u00ed: <\/span> <span class=\"rt-time\"> &lt; 1<\/span> <span class=\"rt-label rt-postfix\">min.<\/span><\/span><p>SOA Praha, matrika <a href=\"https:\/\/ebadatelna.soapraha.cz\/d\/10490\/105\" rel=\"noopener\" target=\"_blank\">Odolena Voda 01, strana 196, sken 105<\/a> (lev\u00e1 strana dole).<\/p>\n","protected":false},"excerpt":{"rendered":"<p>SOA Praha, matrika Odolena Voda 01, strana 196, sken 105 (lev\u00e1 strana dole).<\/p>\n","protected":false},"author":1,"featured_media":0,"comment_status":"open","ping_status":"closed","sticky":false,"template":"","format":"link","meta":{"footnotes":""},"categories":[97],"tags":[],"class_list":["post-1820","post","type-post","status-publish","format-link","hentry","category-objevy","post_format-post-format-link"],"featured_image_urls_v2":{"full":"","thumbnail":"","medium":"","medium_large":"","large":"","1536x1536":"","2048x2048":"","twentyseventeen-featured-image":"","twentyseventeen-thumbnail-avatar":""},"post_excerpt_stackable_v2":"<p>\u010cas \u010dten\u00ed: &lt; 1 min.SOA Praha, matrika Odolena Voda 01, strana 196, sken 105 (lev\u00e1 strana dole).<\/p>\n","category_list_v2":"<a href=\"https:\/\/www.neznamo.cz\/genealogie\/temata\/objevy\/\" rel=\"category tag\">Objevy<\/a>","author_info_v2":{"name":"Monika","url":"https:\/\/www.neznamo.cz\/genealogie\/author\/monika\/"},"comments_num_v2":"0 comments","_links":{"self":[{"href":"https:\/\/www.neznamo.cz\/genealogie\/wp-json\/wp\/v2\/posts\/1820","targetHints":{"allow":["GET"]}}],"collection":[{"href":"https:\/\/www.neznamo.cz\/genealogie\/wp-json\/wp\/v2\/posts"}],"about":[{"href":"https:\/\/www.neznamo.cz\/genealogie\/wp-json\/wp\/v2\/types\/post"}],"author":[{"embeddable":true,"href":"https:\/\/www.neznamo.cz\/genealogie\/wp-json\/wp\/v2\/users\/1"}],"replies":[{"embeddable":true,"href":"https:\/\/www.neznamo.cz\/genealogie\/wp-json\/wp\/v2\/comments?post=1820"}],"version-history":[{"count":0,"href":"https:\/\/www.neznamo.cz\/genealogie\/wp-json\/wp\/v2\/posts\/1820\/revisions"}],"wp:attachment":[{"href":"https:\/\/www.neznamo.cz\/genealogie\/wp-json\/wp\/v2\/media?parent=1820"}],"wp:term":[{"taxonomy":"category","embeddable":true,"href":"https:\/\/www.neznamo.cz\/genealogie\/wp-json\/wp\/v2\/categories?post=1820"},{"taxonomy":"post_tag","embeddable":true,"href":"https:\/\/www.neznamo.cz\/genealogie\/wp-json\/wp\/v2\/tags?post=1820"}],"curies":[{"name":"wp","href":"https:\/\/api.w.org\/{rel}","templated":true}]}}