{"id":1815,"date":"2021-04-06T08:38:54","date_gmt":"2021-04-06T06:38:54","guid":{"rendered":"https:\/\/www.neznamo.cz\/genealogie\/?p=1815"},"modified":"2021-04-06T03:40:45","modified_gmt":"2021-04-06T01:40:45","slug":"svatba-1695-adolescens-alexander-reiff-artis-a-catharina-filia-def-joannis-sterker","status":"publish","type":"post","link":"https:\/\/www.neznamo.cz\/genealogie\/svatba-1695-adolescens-alexander-reiff-artis-a-catharina-filia-def-joannis-sterker\/","title":{"rendered":"Svatba 1695 adolescens Alexander Reiff artis a&nbsp;Catharina filia def. Joannis Sterker"},"content":{"rendered":"<span class=\"span-reading-time rt-reading-time\" style=\"display: block;\"><span class=\"rt-label rt-prefix\">\u010cas \u010dten\u00ed: <\/span> <span class=\"rt-time\"> &lt; 1<\/span> <span class=\"rt-label rt-postfix\">min.<\/span><\/span><p>Obce \u017eenicha a&nbsp;nev\u011bsty nep\u0159e\u010dtu, ale \u017eenich byl poddan\u00fd ke&nbsp;koleji v&nbsp;Praze v&nbsp;Klementinu a&nbsp;nev\u011bsta byla z\u0159ejm\u011b z&nbsp;N\u011bmecka. SOA Praha, matrika <a href=\"https:\/\/ebadatelna.soapraha.cz\/d\/10490\/104\" rel=\"noopener\" target=\"_blank\">Odolena Voda 01, strana 194, sken 104<\/a> (lev\u00e1 strana, p\u00e1t\u00fd z\u00e1pis).<\/p>\n","protected":false},"excerpt":{"rendered":"<p>Obce \u017eenicha a&nbsp;nev\u011bsty nep\u0159e\u010dtu, ale \u017eenich byl poddan\u00fd ke&nbsp;koleji v&nbsp;Praze v&nbsp;Klementinu a&nbsp;nev\u011bsta byla z\u0159ejm\u011b z&nbsp;N\u011bmecka. SOA Praha, matrika Odolena Voda 01, strana 194, sken 104 (lev\u00e1 strana, p\u00e1t\u00fd z\u00e1pis).<\/p>\n","protected":false},"author":1,"featured_media":0,"comment_status":"open","ping_status":"closed","sticky":false,"template":"","format":"link","meta":{"footnotes":""},"categories":[97],"tags":[],"class_list":["post-1815","post","type-post","status-publish","format-link","hentry","category-objevy","post_format-post-format-link"],"featured_image_urls_v2":{"full":"","thumbnail":"","medium":"","medium_large":"","large":"","1536x1536":"","2048x2048":"","twentyseventeen-featured-image":"","twentyseventeen-thumbnail-avatar":""},"post_excerpt_stackable_v2":"<p>\u010cas \u010dten\u00ed: &lt; 1 min.Obce \u017eenicha a&nbsp;nev\u011bsty nep\u0159e\u010dtu, ale \u017eenich byl poddan\u00fd ke&nbsp;koleji v&nbsp;Praze v&nbsp;Klementinu a&nbsp;nev\u011bsta byla z\u0159ejm\u011b z&nbsp;N\u011bmecka. SOA Praha, matrika Odolena Voda 01, strana 194, sken 104 (lev\u00e1 strana, p\u00e1t\u00fd z\u00e1pis).<\/p>\n","category_list_v2":"<a href=\"https:\/\/www.neznamo.cz\/genealogie\/temata\/objevy\/\" rel=\"category tag\">Objevy<\/a>","author_info_v2":{"name":"Monika","url":"https:\/\/www.neznamo.cz\/genealogie\/author\/monika\/"},"comments_num_v2":"0 comments","_links":{"self":[{"href":"https:\/\/www.neznamo.cz\/genealogie\/wp-json\/wp\/v2\/posts\/1815","targetHints":{"allow":["GET"]}}],"collection":[{"href":"https:\/\/www.neznamo.cz\/genealogie\/wp-json\/wp\/v2\/posts"}],"about":[{"href":"https:\/\/www.neznamo.cz\/genealogie\/wp-json\/wp\/v2\/types\/post"}],"author":[{"embeddable":true,"href":"https:\/\/www.neznamo.cz\/genealogie\/wp-json\/wp\/v2\/users\/1"}],"replies":[{"embeddable":true,"href":"https:\/\/www.neznamo.cz\/genealogie\/wp-json\/wp\/v2\/comments?post=1815"}],"version-history":[{"count":0,"href":"https:\/\/www.neznamo.cz\/genealogie\/wp-json\/wp\/v2\/posts\/1815\/revisions"}],"wp:attachment":[{"href":"https:\/\/www.neznamo.cz\/genealogie\/wp-json\/wp\/v2\/media?parent=1815"}],"wp:term":[{"taxonomy":"category","embeddable":true,"href":"https:\/\/www.neznamo.cz\/genealogie\/wp-json\/wp\/v2\/categories?post=1815"},{"taxonomy":"post_tag","embeddable":true,"href":"https:\/\/www.neznamo.cz\/genealogie\/wp-json\/wp\/v2\/tags?post=1815"}],"curies":[{"name":"wp","href":"https:\/\/api.w.org\/{rel}","templated":true}]}}