{"id":1578,"date":"2020-04-05T20:30:14","date_gmt":"2020-04-05T18:30:14","guid":{"rendered":"https:\/\/www.neznamo.cz\/genealogie\/?p=1578"},"modified":"2024-03-09T15:18:06","modified_gmt":"2024-03-09T14:18:06","slug":"jak-zadat-vojensky-historicky-archiv-vha-o-informace-o-vojacich","status":"publish","type":"post","link":"https:\/\/www.neznamo.cz\/genealogie\/jak-zadat-vojensky-historicky-archiv-vha-o-informace-o-vojacich\/","title":{"rendered":"Jak \u017e\u00e1dat Vojensk\u00fd historick\u00fd archiv (VHA) o&nbsp;informace o&nbsp;voj\u00e1c\u00edch"},"content":{"rendered":"<span class=\"span-reading-time rt-reading-time\" style=\"display: block;\"><span class=\"rt-label rt-prefix\">\u010cas \u010dten\u00ed: <\/span> <span class=\"rt-time\"> 6<\/span> <span class=\"rt-label rt-postfix\">min.<\/span><\/span><p>P\u0159edkov\u00e9 mnoh\u00fdch z&nbsp;n\u00e1s bojovali v&nbsp;I. nebo ve&nbsp;II. sv\u011btov\u00e9 v\u00e1lce (nebo byli v&nbsp;odboji). Dokumentaci t\u011bchto voj\u00e1k\u016f m\u00e1 na&nbsp;starosti Vojensk\u00fd historick\u00fd archiv (VHA), kter\u00fd je sou\u010d\u00e1st\u00ed Vojensk\u00e9ho \u00fast\u0159edn\u00edho archivu (VUA). VHA je mo\u017en\u00e9 po\u017e\u00e1dat o&nbsp;placenou re\u0161er\u0161i, tedy o&nbsp;vyhled\u00e1n\u00ed informac\u00ed o&nbsp;voj\u00e1c\u00edch a&nbsp;zasl\u00e1n\u00ed kopi\u00ed nalezen\u00fdch materi\u00e1l\u016f. Nar\u00e1\u017e\u00edm ob\u010das na&nbsp;dotazy, jak na&nbsp;to, proto se zde pod\u011bl\u00edm o&nbsp;vlastn\u00ed zku\u0161enost.<br \/>\n<!--more--><\/p>\n<p>Jak u\u017e jsem psala, je mo\u017en\u00e9 \u017e\u00e1dat Vojensk\u00fd historick\u00fd archiv (VHA) o&nbsp;informace o&nbsp;voj\u00e1c\u00edch, kte\u0159\u00ed bojovali v&nbsp;I. nebo ve&nbsp;II. sv\u011btov\u00e9 v\u00e1lce, ale tak\u00e9 o&nbsp;voj\u00e1c\u00edch, kte\u0159\u00ed slou\u017eili v&nbsp;Rakousk\u00e9 arm\u00e1d\u011b v&nbsp;p\u0159edchoz\u00edch obdob\u00edch. Hlavn\u00edm zdrojem informac\u00ed jsou kmenov\u00e9 listy, legion\u00e1\u0159sk\u00e9 karty a&nbsp;legion\u00e1\u0159sk\u00e9 poslu\u017en\u00e9 spisy (u&nbsp;d\u016fstojn\u00edk\u016f je\u0161t\u011b kvalifika\u010dn\u00ed listiny), tedy z\u00e1kladn\u00ed evidence prov\u00e1zej\u00edc\u00ed voj\u00e1ka celou vojenskou slu\u017ebou a\u017e do&nbsp;jeho vy\u0159azen\u00ed z&nbsp;arm\u00e1dy. Ne v\u0161e se ale dochovalo. Archiv upozor\u0148uje, \u017ee <strong>kmenov\u00e9 listy ro\u010dn\u00edk\u016f narozen\u00ed 1750 a\u017e 1864 se dochovaly pouze torzovit\u011b<\/strong>. V&nbsp;70.&nbsp;a&nbsp;80.&nbsp;letech minul\u00e9ho stolet\u00ed tak\u00e9 byly <strong>skartov\u00e1ny t\u00e9m\u011b\u0159 v\u0161echny kmenov\u00e9 listy ro\u010dn\u00edk\u016f narozen\u00ed 1887 a\u017e 1900<\/strong>.<\/p>\n<h2>D\u016fle\u017eit\u00e9 upozorn\u011bn\u00ed<\/h2>\n<p>Vojensk\u00fd \u00fast\u0159edn\u00ed archiv 1.&nbsp;2.&nbsp;2024 m\u011bn\u00ed zp\u016fsob vy\u0159izov\u00e1n\u00ed \u017e\u00e1dost\u00ed o&nbsp;informace o&nbsp;voj\u00e1c\u00edch. \u010cl\u00e1nek jsem proto upravila tak, aby poskytoval nyn\u00ed platn\u00e9 informace. Z\u00e1rove\u0148 na&nbsp;konec \u010dl\u00e1nku p\u0159id\u00e1v\u00e1m v&nbsp;t\u00e9to souvislosti nov\u00e9 odkazy.<\/p>\n<p>Vojensk\u00fd \u00fast\u0159edn\u00ed archiv 31.&nbsp;3.&nbsp;2022 v&nbsp;souvislosti se spu\u0161t\u011bn\u00edm Digit\u00e1ln\u00ed badatelny Ministerstva obrany zcela zm\u011bnil webov\u00e9 str\u00e1nky. \u010cl\u00e1nek jsem proto opravila tak, aby poskytoval nyn\u00ed platn\u00e9 odkazy. Z\u00e1rove\u0148 na&nbsp;konec \u010dl\u00e1nku p\u0159id\u00e1v\u00e1m tak\u00e9 odkazy pro samostatn\u00e9 b\u00e1d\u00e1n\u00ed, kter\u00e9 zde d\u0159\u00edve nebyly.<\/p>\n<h1>Jak re\u0161er\u0161e prob\u00edh\u00e1?<\/h1>\n<p>\u017d\u00e1dost o&nbsp;re\u0161er\u0161i (k&nbsp;jednomu voj\u00e1kovi, ale i&nbsp;k&nbsp;n\u011bkolika voj\u00e1k\u016fm) se pos\u00edl\u00e1 pouze na&nbsp;<strong><a href=\"https:\/\/www.vuapraha.cz\/wp-content\/uploads\/2024\/02\/Formular-VUA-2.pdf\" rel=\"noopener\" target=\"_blank\" style=\"font-size:1.2em;\">jednotn\u00e9m formul\u00e1\u0159i<\/a><\/strong> na&nbsp;tuto e-mailovou adresu:<br \/>\n<strong><a href=\"&#x6d;a&#x69;&#108;&#x74;&#111;:&#x70;&#111;&#x64;&#97;t&#x65;&#108;&#x6e;&#97;-&#x76;u&#x61;&#64;&#x61;&#x72;m&#x79;&#46;&#x63;&#122;\" rel=\"noopener noreferrer\" target=\"_blank\" style=\"font-size:1.2em;\">&#112;&#x6f;d&#97;&#x74;e&#108;&#x6e;a&#45;&#x76;u&#97;&#x40;a&#114;&#x6d;y&#46;&#x63;z<\/a><\/strong> nebo do&nbsp;datov\u00e9 schr\u00e1nky Ministerstva obrany \u010cR, co\u017e je povinn\u00e1 varianta pro dr\u017eitele datov\u00e9 schr\u00e1nky \u2013 ID <strong>datov\u00e9 schr\u00e1nky<\/strong> V\u00daA: <strong  style=\"font-size:1.2em;\">hjyaavk<\/strong>.<\/p>\n<p>Archiv by m\u011bl <strong>do 30 dn\u016f poslat odpov\u011b\u010f<\/strong> (ale zvl\u00e1daj\u00ed to podle aktu\u00e1ln\u00ed situace i&nbsp;d\u0159\u00edve), v&nbsp;n\u00ed\u017e bude uvedeno, jak\u00e9 materi\u00e1ly k&nbsp;va\u0161emu po\u017eadavku na\u0161li nebo nena\u0161li a&nbsp;kde hledali (u&nbsp;voj\u00e1k\u016f z&nbsp;I. sv\u011btov\u00e9 v\u00e1lky se d\u00edvaj\u00ed i&nbsp;do&nbsp;evidence odboje z&nbsp;II. sv\u011btov\u00e9 v\u00e1lky). Doporu\u010duji si lh\u016ftu pohl\u00eddat, proto\u017ee pracovn\u00edk archivu m\u016f\u017ee odpov\u011b\u010f poslat tak, \u017ee bude va\u0161i e-mailovou adresu do&nbsp;mailu s&nbsp;odpov\u011bd\u00ed ru\u010dn\u011b vypisovat a&nbsp;m\u016f\u017ee v&nbsp;n\u00ed ud\u011blat p\u0159eklep. To se mi stalo, ale v\u0161e jsme v&nbsp;dal\u0161\u00ed korespondenci operativn\u011b vy\u0159e\u0161ili.<\/p>\n<p>Bude-li v\u00fdsledkem re\u0161er\u0161e v\u00edce ne\u017e 20 str\u00e1nek kopi\u00ed archivn\u00edch materi\u00e1l\u016f, archiv v\u00e1s na&nbsp;to upozorn\u00ed, nab\u00eddne v\u00e1m studium materi\u00e1l\u016f v&nbsp;badateln\u011b (a\u017e bude otev\u0159en\u00e1) a&nbsp;nap\u00ed\u0161ou, jak dlouho v\u00e1m materi\u00e1ly budou v&nbsp;badateln\u011b rezervov\u00e1ny. Cena za&nbsp;posl\u00e1n\u00ed kopi\u00ed klasickou po\u0161tou je po\u010d\u00edtan\u00e1 podle cen\u00edku, kter\u00fd je dostupn\u00fd <a href=\"https:\/\/www.vuapraha.cz\/cenik\/\" rel=\"noopener noreferrer\" target=\"_blank\">na str\u00e1nce VHA s&nbsp;dokumenty<\/a>. U&nbsp;m\u00e9 \u017e\u00e1dosti o&nbsp;re\u0161er\u0161i celkem 9 voj\u00e1k\u016f na\u0161li materi\u00e1ly k&nbsp;7 voj\u00e1k\u016fm rakousk\u00e9 arm\u00e1dy, z&nbsp;nich\u017e 3 byli pozd\u011bji tak\u00e9 legion\u00e1\u0159i. Odhadovan\u00e1 cena byla p\u0159es 1000 K\u010d, skute\u010dn\u00e1 fakturovan\u00e1 \u010d\u00e1stka ale jen 650&nbsp;K\u010d. Celkem siln\u00e1 ob\u00e1lka ke&nbsp;m\u011b dorazila ani ne do&nbsp;dvou t\u00fddn\u016f (odeslan\u00e1 byla 8.&nbsp;den od&nbsp;potvrzen\u00ed ceny). Toto prob\u011bhlo dlouho p\u0159ed 1.&nbsp;2.&nbsp;2024, tedy je\u0161t\u011b podle star\u00fdch pravidel, kdy archiv zas\u00edlal i&nbsp;v\u00edce ne\u017e 20 str\u00e1nek.<\/p>\n<h1>Co se z&nbsp;materi\u00e1l\u016f dozv\u00edm?<\/h1>\n<p>Materi\u00e1ly jsou psan\u00e9 vesm\u011bs ru\u010dn\u011b, z&nbsp;doby Rakouska-Uherska n\u011bmecky, pak, samoz\u0159ejm\u011b, \u010desky. Z&nbsp;kmenov\u00fdch list\u016f se d\u00e1 dozv\u011bd\u011bt nap\u0159\u00edklad popis p\u0159edka (v\u00fd\u0161ka, barva vlas\u016f a&nbsp;o\u010d\u00ed, tvar obli\u010deje apod.), jeho povol\u00e1n\u00ed&#8230; To hlavn\u00ed je ale pr\u016fb\u011b\u017en\u011b zapisovan\u00e9 jeho fungov\u00e1n\u00ed v&nbsp;arm\u00e1d\u011b &#8211; odvod, v\u00fdcvik, za\u0159azov\u00e1n\u00ed k&nbsp;jednotk\u00e1m, p\u0159\u00edpadn\u00e1 zran\u011bn\u00ed nebo &#8222;medaile&#8220; (tedy ud\u011blen\u00e9 vojensk\u00e9 dekorace). U&nbsp;legion\u00e1\u0159\u016f se d\u00e1 naj\u00edt datum a&nbsp;m\u00edsto zajet\u00ed (to je\u0161t\u011b jako rakousk\u00fdch voj\u00e1k\u016f), datum a&nbsp;m\u00edsto jejich p\u0159ihl\u00e1\u0161en\u00ed k&nbsp;legi\u00edm, jejich za\u0159azen\u00ed do&nbsp;pluku (a&nbsp;p\u0159\u00edpadn\u00e9 p\u0159e\u0159azov\u00e1n\u00ed jinam), jejich n\u00e1vrat do&nbsp;nov\u00e9 republiky a&nbsp;podrobnosti k&nbsp;za\u0159azen\u00ed v&nbsp;nov\u00e9 \u010ds.arm\u00e1d\u011b, a&nbsp;to a\u017e do&nbsp;vy\u0159azen\u00ed z&nbsp;arm\u00e1dy. U&nbsp;legion\u00e1\u0159\u016f je trochu pot\u00ed\u017e v&nbsp;tom, \u017ee se jim poslu\u017en\u00e9 spisy nemusely ps\u00e1t pr\u016fb\u011b\u017en\u011b, co\u017e se t\u00fdk\u00e1 hlavn\u011b sibi\u0159sk\u00fdch legion\u00e1\u0159\u016f, u&nbsp;nich\u017e ale zase najdete nap\u0159\u00edklad jm\u00e9no lodi, kterou se vraceli.<\/p>\n<p>P\u0159ipravte se na&nbsp;to, \u017ee ne v\u0161echny ot\u00e1zky v\u00e1m materi\u00e1ly z&nbsp;VHA dovedou bezezbytku objasnit. Rozhodn\u011b doporu\u010duji vyhradit si dost \u010dasu na&nbsp;jejich studium, kter\u00e9 bude nej\u010dast\u011bji spo\u010d\u00edvat v&nbsp;lu\u0161t\u011bn\u00ed n\u011bmeck\u00fdch slov vojensk\u00e9ho slovn\u00edku, kter\u00fdm v\u011bt\u0161ina z&nbsp;n\u00e1s nejsp\u00ed\u0161 ani nerozum\u00ed. Na\u0161t\u011bst\u00ed jsou na&nbsp;genealogick\u00e9m f\u00f3ru nebo na&nbsp;jin\u00fdch debatn\u00edch m\u00edstech (nap\u0159\u00edklad na&nbsp;facebooku) lid\u00e9, kte\u0159\u00ed jsou ochotni n\u00e1m v&nbsp;tomto lu\u0161t\u011bn\u00ed pomoci a&nbsp;v&nbsp;dobov\u00e9 vojensk\u00e9 &#8222;hant\u00fdrce&#8220; se vyznaj\u00ed. <\/p>\n<h1>Formul\u00e1\u0159 \u017e\u00e1dosti<\/h1>\n<p>Od 1.&nbsp;2.&nbsp;2024 se \u017e\u00e1dost o&nbsp;re\u0161er\u0161i pos\u00edl\u00e1 pouze na&nbsp;<a href=\"https:\/\/www.vuapraha.cz\/wp-content\/uploads\/2024\/02\/Formular-VUA-2.pdf\" rel=\"noopener\" target=\"_blank\">jednotn\u00e9m formul\u00e1\u0159i<\/a>, kter\u00fd je pom\u011brn\u011b jednoduch\u00fd a&nbsp;obsahuje vysv\u011btlivky.<br \/>\nDo&nbsp;kolonky &#8222;Objedn\u00e1v\u00e1m re\u0161er\u0161i\/\u017e\u00e1dost o&nbsp;informace obsa\u017een\u00e9 v&nbsp;archiv\u00e1li\u00edch ulo\u017een\u00fdch ve&nbsp;VHA&#8220; je nutn\u00e9 napsat informace o&nbsp;voj\u00e1kovi ve&nbsp;tvaru:  jm\u00e9no, p\u0159\u00edjmen\u00ed a&nbsp;datum (p\u0159\u00edpadn\u011b m\u00edsto) narozen\u00ed hledan\u00e9 osoby.<br \/>\nPodrobn\u00e9 informace o&nbsp;\u017e\u00e1dosti a&nbsp;jej\u00edm vy\u0159izov\u00e1n\u00ed najdete na&nbsp;str\u00e1nce <a href=\"https:\/\/www.vuapraha.cz\/nova-pravidla-pro-komunikaci-s-vua\/\" rel=\"noopener noreferrer\" target=\"_blank\">Nov\u00e1 pravidla pro vy\u017eadov\u00e1n\u00ed informac\u00ed o&nbsp;archiv\u00e1li\u00edch ulo\u017een\u00fdch ve&nbsp;V\u00daA<\/a> (vyd\u00e1no 24.&nbsp;1.&nbsp;2024).<\/p>\n<p>&nbsp;<\/p>\n<h1>Dodatky<\/h1>\n<h2>9.&nbsp;b\u0159ezna 2024<\/h2>\n<p>M\u00e1te-li p\u0159edky ze&nbsp;Slovenska a&nbsp;hled\u00e1te-li informace o&nbsp;jejich vojensk\u00e9 slu\u017eb\u011b, pak doporu\u010duji informa\u010dn\u00ed \u010dl\u00e1nek <a href=\"https:\/\/www.geni.sk\/kapitoly-z-vojenskych-dejin-slovenska-9-genealogicky-vyskum\/\" rel=\"noopener noreferrer\" target=\"_blank\">Kapitoly z&nbsp;vojensk\u00fdch dej\u00edn Slovenska 9. (Genealogick\u00fd v\u00fdskum)<\/a> na&nbsp;webu Geni.sk.<\/p>\n<h2>1.&nbsp;\u00fanora 2024<\/h2>\n<p>Vojensk\u00fd \u00fast\u0159edn\u00ed archiv 1.&nbsp;2.&nbsp;2024 m\u011bn\u00ed zp\u016fsob vy\u0159izov\u00e1n\u00ed \u017e\u00e1dost\u00ed o&nbsp;informace o&nbsp;voj\u00e1c\u00edch. \u010cl\u00e1nek jsem proto p\u0159epracovala tak, aby poskytoval nyn\u00ed platn\u00e9 informace (mj.&nbsp;jsem odstranila vzor \u017e\u00e1dosti, proto\u017ee u\u017e se pod\u00e1v\u00e1 na&nbsp;jednotn\u00e9m formul\u00e1\u0159i). Z\u00e1rove\u0148 na&nbsp;konec \u010dl\u00e1nku p\u0159id\u00e1v\u00e1m v&nbsp;t\u00e9to souvislosti nov\u00e9 odkazy.<\/p>\n<h2>6.&nbsp;dubna 2020<\/h2>\n<p>Kolega, kter\u00fd chce z\u016fstat v&nbsp;anonymit\u011b, mi dovolil zde zve\u0159ejnit tento jeho dodatek.<\/p>\n<p>Dokumentaci voj\u00e1k\u016f m\u00e1 na&nbsp;starosti Vojensk\u00fd historick\u00fd archiv (VHA), ale ve&nbsp;skute\u010dnosti jsou mnoh\u00e9 <strong>archivn\u00ed materi\u00e1ly voj\u00e1k\u016f II. sv\u011btov\u00e9 v\u00e1lky ulo\u017eeny na&nbsp;Slovensku<\/strong>. V&nbsp;Praze maj\u00ed samoz\u0159ejm\u011b aspo\u0148 informaci aspo\u0148 o&nbsp;tom, aby mohli poskytnout osv\u011bd\u010den\u00ed, \u017ee dan\u00e1 osoba byla v&nbsp;n\u00e1rodn\u00edm odboji.<\/p>\n<p><strong>Kmenov\u00e9 listy narozen\u00fdch v&nbsp;letech 1903\u20131910<\/strong> byly v&nbsp;80.&nbsp;a&nbsp;90.&nbsp;letech <strong>skartov\u00e1ny<\/strong> s&nbsp;t\u00edm, \u017ee byly <strong>ponech\u00e1ny p\u0159edev\u0161\u00edm listy p\u0159\u00edslu\u0161n\u00edk\u016f 2.&nbsp;\u010ds. voj. zahrani\u010dn\u00edho odboje<\/strong>.<\/p>\n<p><strong>Kmenov\u00e9 listy narozen\u00fdch v&nbsp;letech 1911\u20131920<\/strong> jsou ulo\u017eeny ve&nbsp;VHA Bratislava.<\/p>\n<p><strong>Kmenov\u00e9 listy narozen\u00fdch po&nbsp;r. 1921<\/strong> se nach\u00e1zej\u00ed ve&nbsp;VA Trnava.<\/p>\n<h2>31.&nbsp;b\u0159ezna 2022<\/h2>\n<p>Vojensk\u00fd \u00fast\u0159edn\u00ed archiv v&nbsp;souvislosti se spu\u0161t\u011bn\u00edm Digit\u00e1ln\u00ed badatelny Ministerstva obrany zcela zm\u011bnil sv\u00e9 vlastn\u00ed webov\u00e9 str\u00e1nky i&nbsp;webov\u00e9 str\u00e1nky sv\u00fdch archiv\u016f. N\u00e1m zn\u00e1m\u00e9 datab\u00e1ze, kartot\u00e9ky i&nbsp;invent\u00e1\u0159e z\u016fstaly p\u0159\u00edstupn\u00e9, ale na&nbsp;jin\u00fdch odkazech. Nov\u011b se objevila Digit\u00e1ln\u00ed badatelna MO, kter\u00e1 by, teoreticky, m\u011bla poskytovat d\u00e1lkov\u00fd p\u0159\u00edstup, a&nbsp;to i&nbsp;pro neregistrovan\u00e9 badatele (alespo\u0148 do&nbsp;n\u011bkter\u00fdch fond\u016f).<br \/>\n\u010cl\u00e1nek jsem proto opravila tak, aby poskytoval nyn\u00ed platn\u00e9 odkazy. Z\u00e1rove\u0148 p\u0159id\u00e1v\u00e1m tak\u00e9 odkazy pro samostatn\u00e9 b\u00e1d\u00e1n\u00ed, kter\u00e9 zde d\u0159\u00edve nebyly.<\/p>\n<h2>13.&nbsp;\u00fanora 2023<\/h2>\n<p>P\u0159id\u00e1v\u00e1m informace od&nbsp;jednoho \u010dten\u00e1\u0159e (moc za&nbsp;n\u011b d\u011bkuji), kter\u00fd se letos sna\u017e\u00edl z\u00edskat informaze o&nbsp;sv\u00e9 vlastn\u00ed z\u00e1kladn\u00ed vojensk\u00e9 slu\u017eb\u011b. Informace byly ulo\u017eeny v&nbsp;archivu v&nbsp;Trnav\u011b.<br \/>\nVojensk\u00fd arch\u00edv \u2013 centr\u00e1lna registrat\u00fara<br \/>\nUniverzitn\u00e9 n\u00e1mestie 2<br \/>\n917&nbsp;00 Trnava<br \/>\n<a href=\"&#x6d;&#x61;&#x69;&#x6c;&#x74;&#x6f;&#58;&#118;&#97;&#45;cr&#64;m&#x6f;&#x64;&#x2e;&#x67;&#x6f;&#x76;&#46;&#115;&#107;\">&#x76;&#97;-&#x63;&#114;&#64;&#x6d;&#x6f;&#100;&#46;&#x67;&#111;v&#x2e;&#x73;&#107;<\/a><br \/>\n<a href=\"https:\/\/www.vhu.sk\/zakladne-informacie-o-vha\/\" rel=\"noopener noreferrer\" target=\"_blank\">https:\/\/www.vhu.sk\/zakladne-informacie-o-vha\/<\/a><br \/>\n\u010cten\u00e1\u0159 svou \u017e\u00e1dost poslal mailem a&nbsp;obdr\u017eel potvrzen\u00ed o&nbsp;p\u0159evzet\u00ed \u017e\u00e1dosti, kter\u00e1 by m\u011bla b\u00fdt vy\u0159\u00edzena do&nbsp;t\u0159iceti dn\u016f. Do&nbsp;t\u00e9to doby opravdu p\u0159i\u0161la odpov\u011b\u010f, jej\u00ed\u017e p\u0159\u00edlohou byly dokumenty jako p\u0159\u00edsaha, slu\u017eebn\u00ed charakteristika a&nbsp;Eviden\u010dn\u00ed list o&nbsp;osob\u011b i&nbsp;pr\u016fb\u011bhu vojensk\u00e9 slu\u017eby, v\u010detn\u011b fotografie. Chyb\u011bl posudek MNV z&nbsp;m\u00edsta bydli\u0161t\u011b (p\u0159esto\u017ee existoval). Zaj\u00edmav\u00e9 je, \u017ee v&nbsp;p\u0159\u00edloze nebyly \u00fadaje o&nbsp;hrazen\u00ed poplatk\u016f (faktura).<br \/>\nS&nbsp;nad tato zku\u0161enost pom\u016f\u017ee i&nbsp;dal\u0161\u00edm \u010dten\u00e1\u0159\u016fm.<\/p>\n<h2>2.&nbsp;ledna 2024<\/h2>\n<p>P\u0159id\u00e1v\u00e1m informaci od&nbsp;pana Michala Ku\u010di, kterou napsal do&nbsp;koment\u00e1\u0159e k&nbsp;tomuto \u010dl\u00e1nku. D\u011bkuji za&nbsp;ni a&nbsp;aby nezapadla, kop\u00edruji ji je\u0161t\u011b sem:<br \/>\nZ&nbsp;vlastn\u00ed zku\u0161enosti. M\u016fj d\u011bda v&nbsp;meziv\u00e1le\u010dn\u00e9m obdob\u00ed slou\u017eil jako \u010deta\u0159 d\u00e9le slou\u017e\u00edc\u00ed u&nbsp;arm\u00e1dy a&nbsp;v&nbsp;roce 1938 byl p\u0159ijat k&nbsp;policii. V&nbsp;Archivu bezpe\u010dnostn\u00edch slo\u017eek se dochovaly jeho \u201epap\u00edry\u201c v\u010detn\u011b Kmenov\u00e9ho listu z&nbsp;arm\u00e1dy. Pokud v\u00e1\u0161 p\u0159edek slou\u017eil v&nbsp;policii nebo \u010detnictvu, zkuste tento arch\u00edv, aspo\u0148 v&nbsp;m\u00e9m p\u0159\u00edpad\u011b byli velmi vst\u0159\u00edcn\u00ed.<\/p>\n<p>&nbsp;<\/p>\n<h1 id=\"odkazy\">Odkazy<\/h1>\n<p>&#8211; <a href=\"https:\/\/www.vuapraha.cz\/wp-content\/uploads\/2024\/02\/Formular-VUA-2.pdf\" rel=\"noopener\" target=\"_blank\">Jednotn\u00fd formul\u00e1\u0159 \u017e\u00e1dosti o&nbsp;re\u0161er\u0161i a&nbsp;o&nbsp;osobn\u00edm studium v&nbsp;badateln\u011b archivu<\/a> (platn\u00fd od&nbsp;1.&nbsp;2.&nbsp;2024)<br \/>\n&#8211; <a href=\"https:\/\/www.vuapraha.cz\/nova-pravidla-pro-komunikaci-s-vua\/\" rel=\"noopener noreferrer\" target=\"_blank\">Nov\u00e1 pravidla pro vy\u017eadov\u00e1n\u00ed informac\u00ed o&nbsp;archiv\u00e1li\u00edch ulo\u017een\u00fdch ve&nbsp;V\u00daA<\/a> (vyd\u00e1no 24.&nbsp;1.&nbsp;2024)<br \/>\n&#8211; <a href=\"https:\/\/www.vuapraha.cz\/cenik\/\" rel=\"noopener noreferrer\" target=\"_blank\">str\u00e1nka Dokumenty VHA > Cen\u00edk<\/a><br \/>\n&#8211; <a href=\"https:\/\/www.vuapraha.cz\/vojensky-historicky-archiv\/\" rel=\"noopener noreferrer\" target=\"_blank\">hlavn\u00ed str\u00e1nka webu VHA<\/a><br \/>\n&#8211; <a href=\"https:\/\/www.vuapraha.cz\/databaze-vha\/\" rel=\"noopener noreferrer\" target=\"_blank\">Vyhled\u00e1v\u00e1n\u00ed v&nbsp;datab\u00e1z\u00edch VHA<\/a> (padl\u00fdch v&nbsp;I. a&nbsp;II. sv\u011btov\u00e9 v\u00e1lce, p\u0159\u00edslu\u0161n\u00edk\u016f \u010deskoslovensk\u00fdch zahrani\u010dn\u00edch jednotek za&nbsp;II. sv\u011btov\u00e9 v\u00e1lky i&nbsp;p\u0159\u00edslu\u0161n\u00edk\u016f \u010deskoslovensk\u00fdch legi\u00ed.)<br \/>\n&#8211; <a href=\"https:\/\/www.vuapraha.cz\/kartoteky\/\" rel=\"noopener noreferrer\" target=\"_blank\">Digitalizovan\u00e9 kartot\u00e9ky<\/a> (abecedn\u011b \u0159azen\u00e9 doklady padl\u00fdch v&nbsp;1.&nbsp;sv\u011btov\u00e9 v\u00e1lce, leteck\u00e9 karty \u010ds. p\u0159\u00edslu\u0161n\u00edk\u016f RAF a&nbsp;Wehrpassy (brann\u00e9 pr\u016fkazy) p\u0159\u00edslu\u0161n\u00edk\u016f SS, kte\u0159\u00ed za&nbsp;II. sv\u011btov\u00e9 v\u00e1lky vykon\u00e1vali vojenskou slu\u017ebu jako str\u00e1\u017en\u00ed v&nbsp;koncentra\u010dn\u00edch t\u00e1borech)<br \/>\n&#8211; <a href=\"https:\/\/www.vuapraha.cz\/inventare\/\" rel=\"noopener noreferrer\" target=\"_blank\">Invent\u00e1\u0159e VHA<\/a> (archivn\u00ed pom\u016fcky v\u011bt\u0161iny fond\u016f, dostupn\u00e9 vPDF)<br \/>\n&#8211; <a href=\"https:\/\/www.vuapraha.cz\/badatelna\/\" rel=\"noopener noreferrer\" target=\"_blank\">Badatelna Digit\u00e1ln\u00edho archivu Ministerstva obrany<\/a><br \/>\n&#8211; <a href=\"https:\/\/www.vuapraha.cz\/vojenske-matriky\/\" rel=\"noopener noreferrer\" target=\"_blank\">Vyhled\u00e1n\u00ed vojensk\u00e9 matriky<\/a> (Lze vyhled\u00e1vat, i&nbsp;kdy\u017e pon\u011bkud ne\u0161\u0165astn\u011b, nap\u0159\u00edklad pouze pro ur\u010dit\u00e9 roky. U&nbsp;v\u00fdsledku lze kliknout na&nbsp;ikonku oka, \u010d\u00edm\u017e se dostaneme rovnou na&nbsp;p\u0159\u00edslu\u0161nou matriku v&nbsp;Digit\u00e1ln\u00ed studovn\u011b Ministerstva obrany \/kramerius\/.)<br \/>\n&#8211; <a href=\"https:\/\/www.vhu.sk\/osobne-spisy-vojakov-a-poddostojnikov\/\" rel=\"noopener noreferrer\" target=\"_blank\">Slovensk\u00fd Vojensk\u00fd historick\u00fd arch\u00edv (VHA) &#8211; Osobn\u00e9 spisy vojakov a&nbsp;podd\u00f4stojn\u00edkov<\/a><br \/>\n&#8211; <a href=\"https:\/\/www.geni.sk\/kapitoly-z-vojenskych-dejin-slovenska-9-genealogicky-vyskum\/\" rel=\"noopener noreferrer\" target=\"_blank\">Kapitoly z&nbsp;vojensk\u00fdch dej\u00edn Slovenska 9. (Genealogick\u00fd v\u00fdskum)<\/a> (informa\u010dn\u00ed \u010dl\u00e1nek)<\/p>\n<p>Toto jsou star\u00e9 a&nbsp;ji\u017e neplatn\u00e9 dokumenty, kter\u00e9 zde nech\u00e1v\u00e1m pro p\u0159\u00edpad, \u017ee by n\u011bkdo pot\u0159eboval nahl\u00e9dnout:<br \/>\n&#8211; <a href=\"http:\/\/web.archive.org\/web\/20180910171337\/http:\/\/www.vuapraha.cz\/node\/35\" rel=\"noopener noreferrer\" target=\"_blank\">Upozorn\u011bn\u00ed pro \u017eadatele o&nbsp;informace z&nbsp;VHA (2014)<\/a> (ji\u017e nen\u00ed na&nbsp;webu VHA, odkaz vede na&nbsp;archivovanou verzi z&nbsp;10.&nbsp;10.&nbsp;2018)<br \/>\n&#8211; <a href=\"http:\/\/web.archive.org\/web\/20181104180454\/http:\/\/www.vuapraha.cz\/node\/117\" rel=\"noopener noreferrer\" target=\"_blank\">Nov\u00e9 d\u016fle\u017eit\u00e9 upozorn\u011bn\u00ed pro \u017eadatele o&nbsp;re\u0161er\u0161e z&nbsp;VHA (2016)<\/a> (ji\u017e nen\u00ed na&nbsp;webu VHA, odkaz vede na&nbsp;archivovanou verzi ze&nbsp;4.&nbsp;11.&nbsp;2018)<\/p>\n","protected":false},"excerpt":{"rendered":"<p>P\u0159edkov\u00e9 mnoh\u00fdch z&nbsp;n\u00e1s bojovali v&nbsp;I. nebo ve&nbsp;II. sv\u011btov\u00e9 v\u00e1lce (nebo byli v&nbsp;odboji). Dokumentaci t\u011bchto voj\u00e1k\u016f m\u00e1 na&nbsp;starosti Vojensk\u00fd historick\u00fd archiv (VHA), kter\u00fd je sou\u010d\u00e1st\u00ed Vojensk\u00e9ho \u00fast\u0159edn\u00edho archivu (VUA). VHA je mo\u017en\u00e9 po\u017e\u00e1dat o&nbsp;placenou re\u0161er\u0161i, tedy o&nbsp;vyhled\u00e1n\u00ed informac\u00ed o&nbsp;voj\u00e1c\u00edch a&nbsp;zasl\u00e1n\u00ed kopi\u00ed nalezen\u00fdch materi\u00e1l\u016f. Nar\u00e1\u017e\u00edm ob\u010das na&nbsp;dotazy, jak na&nbsp;to, proto se zde pod\u011bl\u00edm o&nbsp;vlastn\u00ed zku\u0161enost.<\/p>\n","protected":false},"author":1,"featured_media":1577,"comment_status":"open","ping_status":"closed","sticky":false,"template":"","format":"standard","meta":{"footnotes":""},"categories":[34],"tags":[64,65,91,92,70],"class_list":["post-1578","post","type-post","status-publish","format-standard","has-post-thumbnail","hentry","category-poznamky","tag-armada","tag-i-svetova-valka","tag-ii-svetova-valka","tag-vha","tag-vojaci"],"featured_image_urls_v2":{"full":["https:\/\/www.neznamo.cz\/genealogie\/wp-content\/uploads\/2020\/04\/archiv_regaly_krabice.jpg",1024,683,false],"thumbnail":["https:\/\/www.neznamo.cz\/genealogie\/wp-content\/uploads\/2020\/04\/archiv_regaly_krabice-150x100.jpg",150,100,true],"medium":["https:\/\/www.neznamo.cz\/genealogie\/wp-content\/uploads\/2020\/04\/archiv_regaly_krabice-300x200.jpg",300,200,true],"medium_large":["https:\/\/www.neznamo.cz\/genealogie\/wp-content\/uploads\/2020\/04\/archiv_regaly_krabice-768x512.jpg",525,350,true],"large":["https:\/\/www.neznamo.cz\/genealogie\/wp-content\/uploads\/2020\/04\/archiv_regaly_krabice.jpg",525,350,false],"1536x1536":["https:\/\/www.neznamo.cz\/genealogie\/wp-content\/uploads\/2020\/04\/archiv_regaly_krabice.jpg",1024,683,false],"2048x2048":["https:\/\/www.neznamo.cz\/genealogie\/wp-content\/uploads\/2020\/04\/archiv_regaly_krabice.jpg",1024,683,false],"twentyseventeen-featured-image":["https:\/\/www.neznamo.cz\/genealogie\/wp-content\/uploads\/2020\/04\/archiv_regaly_krabice.jpg",1024,683,false],"twentyseventeen-thumbnail-avatar":["https:\/\/www.neznamo.cz\/genealogie\/wp-content\/uploads\/2020\/04\/archiv_regaly_krabice-100x100.jpg",100,100,true]},"post_excerpt_stackable_v2":"<p>P\u0159edkov\u00e9 mnoh\u00fdch z&nbsp;n\u00e1s bojovali v&nbsp;I. nebo ve&nbsp;II. sv\u011btov\u00e9 v\u00e1lce (nebo byli v&nbsp;odboji). Dokumentaci t\u011bchto voj\u00e1k\u016f m\u00e1 na&nbsp;starosti Vojensk\u00fd historick\u00fd archiv (VHA), kter\u00fd je sou\u010d\u00e1st\u00ed Vojensk\u00e9ho \u00fast\u0159edn\u00edho archivu (VUA). VHA je mo\u017en\u00e9 po\u017e\u00e1dat o&nbsp;placenou re\u0161er\u0161i, tedy o&nbsp;vyhled\u00e1n\u00ed informac\u00ed o&nbsp;voj\u00e1c\u00edch a&nbsp;zasl\u00e1n\u00ed kopi\u00ed nalezen\u00fdch materi\u00e1l\u016f. Nar\u00e1\u017e\u00edm ob\u010das na&nbsp;dotazy, jak na&nbsp;to, proto se zde pod\u011bl\u00edm o&nbsp;vlastn\u00ed zku\u0161enost.<\/p>\n","category_list_v2":"<a href=\"https:\/\/www.neznamo.cz\/genealogie\/temata\/poznamky\/\" rel=\"category tag\">Pozn\u00e1mky<\/a>","author_info_v2":{"name":"Monika","url":"https:\/\/www.neznamo.cz\/genealogie\/author\/monika\/"},"comments_num_v2":"17 comments","_links":{"self":[{"href":"https:\/\/www.neznamo.cz\/genealogie\/wp-json\/wp\/v2\/posts\/1578","targetHints":{"allow":["GET"]}}],"collection":[{"href":"https:\/\/www.neznamo.cz\/genealogie\/wp-json\/wp\/v2\/posts"}],"about":[{"href":"https:\/\/www.neznamo.cz\/genealogie\/wp-json\/wp\/v2\/types\/post"}],"author":[{"embeddable":true,"href":"https:\/\/www.neznamo.cz\/genealogie\/wp-json\/wp\/v2\/users\/1"}],"replies":[{"embeddable":true,"href":"https:\/\/www.neznamo.cz\/genealogie\/wp-json\/wp\/v2\/comments?post=1578"}],"version-history":[{"count":0,"href":"https:\/\/www.neznamo.cz\/genealogie\/wp-json\/wp\/v2\/posts\/1578\/revisions"}],"wp:featuredmedia":[{"embeddable":true,"href":"https:\/\/www.neznamo.cz\/genealogie\/wp-json\/wp\/v2\/media\/1577"}],"wp:attachment":[{"href":"https:\/\/www.neznamo.cz\/genealogie\/wp-json\/wp\/v2\/media?parent=1578"}],"wp:term":[{"taxonomy":"category","embeddable":true,"href":"https:\/\/www.neznamo.cz\/genealogie\/wp-json\/wp\/v2\/categories?post=1578"},{"taxonomy":"post_tag","embeddable":true,"href":"https:\/\/www.neznamo.cz\/genealogie\/wp-json\/wp\/v2\/tags?post=1578"}],"curies":[{"name":"wp","href":"https:\/\/api.w.org\/{rel}","templated":true}]}}